{"id":222,"date":"2018-09-28T22:03:47","date_gmt":"2018-09-28T22:03:47","guid":{"rendered":"https:\/\/v2.joaomiguelvieira.com\/~joaovieira\/site\/?p=222"},"modified":"2019-06-11T06:19:14","modified_gmt":"2019-06-11T06:19:14","slug":"pela-primeira-vez-participei-numa-conferencia-internacional","status":"publish","type":"post","link":"https:\/\/v2.joaomiguelvieira.com\/~joaovieira\/site\/pt\/2018\/09\/28\/pela-primeira-vez-participei-numa-conferencia-internacional\/","title":{"rendered":"Pela primeira vez participei numa confer\u00eancia internacional"},"content":{"rendered":"<p>Em setembro de 2018, participei, pela primeira vez, numa confer\u00eancia internacional da minha \u00e1rea. Apresentei o paper <a href=\"https:\/\/v2.joaomiguelvieira.com\/~joaovieira\/site\/wp-content\/uploads\/2018\/12\/Compute_Caches_for_Memory_Bound_Vector_Operations.pdf\"><em>Exploiting Compute Caches for Memory Bound Vector Operations<\/em><\/a>, que resultou de todo o trabalho \u00e1rduo da minha tese de mestrado. A confer\u00eancia teve lugar em Lyon, Fran\u00e7a, entre 24 e&nbsp; 27 de setembro, na \u00c9cole Normale Sup\u00e9rieure de Lyon.<\/p>\n<p><img loading=\"lazy\" decoding=\"async\" src=\"https:\/\/v2.joaomiguelvieira.com\/~joaovieira\/site\/wp-content\/uploads\/2018\/12\/Conf_43_of_50.jpg\" alt=\"\" class=\"alignnone wp-image-157 size-full\" width=\"1311\" height=\"875\" srcset=\"https:\/\/v2.joaomiguelvieira.com\/~joaovieira\/site\/wp-content\/uploads\/2018\/12\/Conf_43_of_50.jpg 1311w, https:\/\/v2.joaomiguelvieira.com\/~joaovieira\/site\/wp-content\/uploads\/2018\/12\/Conf_43_of_50-300x200.jpg 300w, https:\/\/v2.joaomiguelvieira.com\/~joaovieira\/site\/wp-content\/uploads\/2018\/12\/Conf_43_of_50-768x513.jpg 768w, https:\/\/v2.joaomiguelvieira.com\/~joaovieira\/site\/wp-content\/uploads\/2018\/12\/Conf_43_of_50-1024x683.jpg 1024w, https:\/\/v2.joaomiguelvieira.com\/~joaovieira\/site\/wp-content\/uploads\/2018\/12\/Conf_43_of_50-360x240.jpg 360w\" sizes=\"auto, (max-width: 1311px) 100vw, 1311px\" \/><\/p>\n","protected":false},"excerpt":{"rendered":"<p>Em setembro de 2018, participei, pela primeira vez, numa confer\u00eancia internacional da minha \u00e1rea. Apresentei o paper Exploiting Compute Caches for Memory Bound Vector Operations, que resultou de todo o trabalho \u00e1rduo da minha tese de mestrado. A confer\u00eancia teve lugar em Lyon, Fran\u00e7a, entre 24 e&nbsp; 27 de setembro, [&hellip;]<\/p>\n","protected":false},"author":1,"featured_media":0,"comment_status":"open","ping_status":"open","sticky":false,"template":"","format":"standard","meta":{"ngg_post_thumbnail":0,"footnotes":""},"categories":[147],"tags":[41,50,54,52],"class_list":["post-222","post","type-post","status-publish","format-standard","hentry","category-publicacoes","tag-academia-pt","tag-conferencias","tag-papers-pt","tag-viagens"],"yoast_head":"<!-- This site is optimized with the Yoast SEO plugin v25.0 - https:\/\/yoast.com\/wordpress\/plugins\/seo\/ -->\n<title>Pela primeira vez participei numa confer\u00eancia internacional - Jo\u00e3o Vieira<\/title>\n<meta name=\"robots\" content=\"index, follow, max-snippet:-1, max-image-preview:large, max-video-preview:-1\" \/>\n<link rel=\"canonical\" href=\"https:\/\/v2.joaomiguelvieira.com\/~joaovieira\/site\/pt\/2018\/09\/28\/pela-primeira-vez-participei-numa-conferencia-internacional\/\" \/>\n<meta property=\"og:locale\" content=\"en_US\" \/>\n<meta property=\"og:type\" content=\"article\" \/>\n<meta property=\"og:title\" content=\"Pela primeira vez participei numa confer\u00eancia internacional - Jo\u00e3o Vieira\" \/>\n<meta property=\"og:description\" content=\"Em setembro de 2018, participei, pela primeira vez, numa confer\u00eancia internacional da minha \u00e1rea. Apresentei o paper Exploiting Compute Caches for Memory Bound Vector Operations, que resultou de todo o trabalho \u00e1rduo da minha tese de mestrado. A confer\u00eancia teve lugar em Lyon, Fran\u00e7a, entre 24 e&nbsp; 27 de setembro, [&hellip;]\" \/>\n<meta property=\"og:url\" content=\"https:\/\/v2.joaomiguelvieira.com\/~joaovieira\/site\/pt\/2018\/09\/28\/pela-primeira-vez-participei-numa-conferencia-internacional\/\" \/>\n<meta property=\"og:site_name\" content=\"Jo\u00e3o Vieira\" \/>\n<meta property=\"article:published_time\" content=\"2018-09-28T22:03:47+00:00\" \/>\n<meta property=\"article:modified_time\" content=\"2019-06-11T06:19:14+00:00\" \/>\n<meta property=\"og:image\" content=\"https:\/\/v2.joaomiguelvieira.com\/~joaovieira\/site\/wp-content\/uploads\/2018\/12\/Conf_43_of_50.jpg\" \/>\n\t<meta property=\"og:image:width\" content=\"1311\" \/>\n\t<meta property=\"og:image:height\" content=\"875\" \/>\n\t<meta property=\"og:image:type\" content=\"image\/jpeg\" \/>\n<meta name=\"author\" content=\"joaovieira\" \/>\n<meta name=\"twitter:card\" content=\"summary_large_image\" \/>\n<meta name=\"twitter:label1\" content=\"Written by\" \/>\n\t<meta name=\"twitter:data1\" content=\"joaovieira\" \/>\n<script type=\"application\/ld+json\" class=\"yoast-schema-graph\">{\"@context\":\"https:\/\/schema.org\",\"@graph\":[{\"@type\":\"WebPage\",\"@id\":\"https:\/\/v2.joaomiguelvieira.com\/~joaovieira\/site\/pt\/2018\/09\/28\/pela-primeira-vez-participei-numa-conferencia-internacional\/\",\"url\":\"https:\/\/v2.joaomiguelvieira.com\/~joaovieira\/site\/pt\/2018\/09\/28\/pela-primeira-vez-participei-numa-conferencia-internacional\/\",\"name\":\"Pela primeira vez participei numa confer\u00eancia internacional - Jo\u00e3o Vieira\",\"isPartOf\":{\"@id\":\"https:\/\/v2.joaomiguelvieira.com\/~joaovieira\/site\/#website\"},\"primaryImageOfPage\":{\"@id\":\"https:\/\/v2.joaomiguelvieira.com\/~joaovieira\/site\/pt\/2018\/09\/28\/pela-primeira-vez-participei-numa-conferencia-internacional\/#primaryimage\"},\"image\":{\"@id\":\"https:\/\/v2.joaomiguelvieira.com\/~joaovieira\/site\/pt\/2018\/09\/28\/pela-primeira-vez-participei-numa-conferencia-internacional\/#primaryimage\"},\"thumbnailUrl\":\"https:\/\/v2.joaomiguelvieira.com\/~joaovieira\/site\/wp-content\/uploads\/2018\/12\/Conf_43_of_50.jpg\",\"datePublished\":\"2018-09-28T22:03:47+00:00\",\"dateModified\":\"2019-06-11T06:19:14+00:00\",\"author\":{\"@id\":\"https:\/\/v2.joaomiguelvieira.com\/~joaovieira\/site\/#\/schema\/person\/b43022dcf2dd3fcebc49bdba70b3c137\"},\"breadcrumb\":{\"@id\":\"https:\/\/v2.joaomiguelvieira.com\/~joaovieira\/site\/pt\/2018\/09\/28\/pela-primeira-vez-participei-numa-conferencia-internacional\/#breadcrumb\"},\"inLanguage\":\"en-US\",\"potentialAction\":[{\"@type\":\"ReadAction\",\"target\":[\"https:\/\/v2.joaomiguelvieira.com\/~joaovieira\/site\/pt\/2018\/09\/28\/pela-primeira-vez-participei-numa-conferencia-internacional\/\"]}]},{\"@type\":\"ImageObject\",\"inLanguage\":\"en-US\",\"@id\":\"https:\/\/v2.joaomiguelvieira.com\/~joaovieira\/site\/pt\/2018\/09\/28\/pela-primeira-vez-participei-numa-conferencia-internacional\/#primaryimage\",\"url\":\"https:\/\/v2.joaomiguelvieira.com\/~joaovieira\/site\/wp-content\/uploads\/2018\/12\/Conf_43_of_50.jpg\",\"contentUrl\":\"https:\/\/v2.joaomiguelvieira.com\/~joaovieira\/site\/wp-content\/uploads\/2018\/12\/Conf_43_of_50.jpg\",\"width\":1311,\"height\":875},{\"@type\":\"BreadcrumbList\",\"@id\":\"https:\/\/v2.joaomiguelvieira.com\/~joaovieira\/site\/pt\/2018\/09\/28\/pela-primeira-vez-participei-numa-conferencia-internacional\/#breadcrumb\",\"itemListElement\":[{\"@type\":\"ListItem\",\"position\":1,\"name\":\"Home\",\"item\":\"https:\/\/v2.joaomiguelvieira.com\/~joaovieira\/site\/\"},{\"@type\":\"ListItem\",\"position\":2,\"name\":\"Pela primeira vez participei numa confer\u00eancia internacional\"}]},{\"@type\":\"WebSite\",\"@id\":\"https:\/\/v2.joaomiguelvieira.com\/~joaovieira\/site\/#website\",\"url\":\"https:\/\/v2.joaomiguelvieira.com\/~joaovieira\/site\/\",\"name\":\"Jo\u00e3o Vieira\",\"description\":\"Personal website\",\"potentialAction\":[{\"@type\":\"SearchAction\",\"target\":{\"@type\":\"EntryPoint\",\"urlTemplate\":\"https:\/\/v2.joaomiguelvieira.com\/~joaovieira\/site\/?s={search_term_string}\"},\"query-input\":{\"@type\":\"PropertyValueSpecification\",\"valueRequired\":true,\"valueName\":\"search_term_string\"}}],\"inLanguage\":\"en-US\"},{\"@type\":\"Person\",\"@id\":\"https:\/\/v2.joaomiguelvieira.com\/~joaovieira\/site\/#\/schema\/person\/b43022dcf2dd3fcebc49bdba70b3c137\",\"name\":\"joaovieira\",\"image\":{\"@type\":\"ImageObject\",\"inLanguage\":\"en-US\",\"@id\":\"https:\/\/v2.joaomiguelvieira.com\/~joaovieira\/site\/#\/schema\/person\/image\/\",\"url\":\"https:\/\/secure.gravatar.com\/avatar\/e7a87195dd6f0d6d1dbd2a4b40edee6bec488a772ba7ecca37b63989a54b0903?s=96&d=mm&r=g\",\"contentUrl\":\"https:\/\/secure.gravatar.com\/avatar\/e7a87195dd6f0d6d1dbd2a4b40edee6bec488a772ba7ecca37b63989a54b0903?s=96&d=mm&r=g\",\"caption\":\"joaovieira\"},\"url\":\"https:\/\/v2.joaomiguelvieira.com\/~joaovieira\/site\/author\/joaovieira\/\"}]}<\/script>\n<!-- \/ Yoast SEO plugin. -->","yoast_head_json":{"title":"Pela primeira vez participei numa confer\u00eancia internacional - Jo\u00e3o Vieira","robots":{"index":"index","follow":"follow","max-snippet":"max-snippet:-1","max-image-preview":"max-image-preview:large","max-video-preview":"max-video-preview:-1"},"canonical":"https:\/\/v2.joaomiguelvieira.com\/~joaovieira\/site\/pt\/2018\/09\/28\/pela-primeira-vez-participei-numa-conferencia-internacional\/","og_locale":"en_US","og_type":"article","og_title":"Pela primeira vez participei numa confer\u00eancia internacional - Jo\u00e3o Vieira","og_description":"Em setembro de 2018, participei, pela primeira vez, numa confer\u00eancia internacional da minha \u00e1rea. Apresentei o paper Exploiting Compute Caches for Memory Bound Vector Operations, que resultou de todo o trabalho \u00e1rduo da minha tese de mestrado. A confer\u00eancia teve lugar em Lyon, Fran\u00e7a, entre 24 e&nbsp; 27 de setembro, [&hellip;]","og_url":"https:\/\/v2.joaomiguelvieira.com\/~joaovieira\/site\/pt\/2018\/09\/28\/pela-primeira-vez-participei-numa-conferencia-internacional\/","og_site_name":"Jo\u00e3o Vieira","article_published_time":"2018-09-28T22:03:47+00:00","article_modified_time":"2019-06-11T06:19:14+00:00","og_image":[{"width":1311,"height":875,"url":"https:\/\/v2.joaomiguelvieira.com\/~joaovieira\/site\/wp-content\/uploads\/2018\/12\/Conf_43_of_50.jpg","type":"image\/jpeg"}],"author":"joaovieira","twitter_card":"summary_large_image","twitter_misc":{"Written by":"joaovieira"},"schema":{"@context":"https:\/\/schema.org","@graph":[{"@type":"WebPage","@id":"https:\/\/v2.joaomiguelvieira.com\/~joaovieira\/site\/pt\/2018\/09\/28\/pela-primeira-vez-participei-numa-conferencia-internacional\/","url":"https:\/\/v2.joaomiguelvieira.com\/~joaovieira\/site\/pt\/2018\/09\/28\/pela-primeira-vez-participei-numa-conferencia-internacional\/","name":"Pela primeira vez participei numa confer\u00eancia internacional - Jo\u00e3o Vieira","isPartOf":{"@id":"https:\/\/v2.joaomiguelvieira.com\/~joaovieira\/site\/#website"},"primaryImageOfPage":{"@id":"https:\/\/v2.joaomiguelvieira.com\/~joaovieira\/site\/pt\/2018\/09\/28\/pela-primeira-vez-participei-numa-conferencia-internacional\/#primaryimage"},"image":{"@id":"https:\/\/v2.joaomiguelvieira.com\/~joaovieira\/site\/pt\/2018\/09\/28\/pela-primeira-vez-participei-numa-conferencia-internacional\/#primaryimage"},"thumbnailUrl":"https:\/\/v2.joaomiguelvieira.com\/~joaovieira\/site\/wp-content\/uploads\/2018\/12\/Conf_43_of_50.jpg","datePublished":"2018-09-28T22:03:47+00:00","dateModified":"2019-06-11T06:19:14+00:00","author":{"@id":"https:\/\/v2.joaomiguelvieira.com\/~joaovieira\/site\/#\/schema\/person\/b43022dcf2dd3fcebc49bdba70b3c137"},"breadcrumb":{"@id":"https:\/\/v2.joaomiguelvieira.com\/~joaovieira\/site\/pt\/2018\/09\/28\/pela-primeira-vez-participei-numa-conferencia-internacional\/#breadcrumb"},"inLanguage":"en-US","potentialAction":[{"@type":"ReadAction","target":["https:\/\/v2.joaomiguelvieira.com\/~joaovieira\/site\/pt\/2018\/09\/28\/pela-primeira-vez-participei-numa-conferencia-internacional\/"]}]},{"@type":"ImageObject","inLanguage":"en-US","@id":"https:\/\/v2.joaomiguelvieira.com\/~joaovieira\/site\/pt\/2018\/09\/28\/pela-primeira-vez-participei-numa-conferencia-internacional\/#primaryimage","url":"https:\/\/v2.joaomiguelvieira.com\/~joaovieira\/site\/wp-content\/uploads\/2018\/12\/Conf_43_of_50.jpg","contentUrl":"https:\/\/v2.joaomiguelvieira.com\/~joaovieira\/site\/wp-content\/uploads\/2018\/12\/Conf_43_of_50.jpg","width":1311,"height":875},{"@type":"BreadcrumbList","@id":"https:\/\/v2.joaomiguelvieira.com\/~joaovieira\/site\/pt\/2018\/09\/28\/pela-primeira-vez-participei-numa-conferencia-internacional\/#breadcrumb","itemListElement":[{"@type":"ListItem","position":1,"name":"Home","item":"https:\/\/v2.joaomiguelvieira.com\/~joaovieira\/site\/"},{"@type":"ListItem","position":2,"name":"Pela primeira vez participei numa confer\u00eancia internacional"}]},{"@type":"WebSite","@id":"https:\/\/v2.joaomiguelvieira.com\/~joaovieira\/site\/#website","url":"https:\/\/v2.joaomiguelvieira.com\/~joaovieira\/site\/","name":"Jo\u00e3o Vieira","description":"Personal website","potentialAction":[{"@type":"SearchAction","target":{"@type":"EntryPoint","urlTemplate":"https:\/\/v2.joaomiguelvieira.com\/~joaovieira\/site\/?s={search_term_string}"},"query-input":{"@type":"PropertyValueSpecification","valueRequired":true,"valueName":"search_term_string"}}],"inLanguage":"en-US"},{"@type":"Person","@id":"https:\/\/v2.joaomiguelvieira.com\/~joaovieira\/site\/#\/schema\/person\/b43022dcf2dd3fcebc49bdba70b3c137","name":"joaovieira","image":{"@type":"ImageObject","inLanguage":"en-US","@id":"https:\/\/v2.joaomiguelvieira.com\/~joaovieira\/site\/#\/schema\/person\/image\/","url":"https:\/\/secure.gravatar.com\/avatar\/e7a87195dd6f0d6d1dbd2a4b40edee6bec488a772ba7ecca37b63989a54b0903?s=96&d=mm&r=g","contentUrl":"https:\/\/secure.gravatar.com\/avatar\/e7a87195dd6f0d6d1dbd2a4b40edee6bec488a772ba7ecca37b63989a54b0903?s=96&d=mm&r=g","caption":"joaovieira"},"url":"https:\/\/v2.joaomiguelvieira.com\/~joaovieira\/site\/author\/joaovieira\/"}]}},"_links":{"self":[{"href":"https:\/\/v2.joaomiguelvieira.com\/~joaovieira\/site\/wp-json\/wp\/v2\/posts\/222","targetHints":{"allow":["GET"]}}],"collection":[{"href":"https:\/\/v2.joaomiguelvieira.com\/~joaovieira\/site\/wp-json\/wp\/v2\/posts"}],"about":[{"href":"https:\/\/v2.joaomiguelvieira.com\/~joaovieira\/site\/wp-json\/wp\/v2\/types\/post"}],"author":[{"embeddable":true,"href":"https:\/\/v2.joaomiguelvieira.com\/~joaovieira\/site\/wp-json\/wp\/v2\/users\/1"}],"replies":[{"embeddable":true,"href":"https:\/\/v2.joaomiguelvieira.com\/~joaovieira\/site\/wp-json\/wp\/v2\/comments?post=222"}],"version-history":[{"count":2,"href":"https:\/\/v2.joaomiguelvieira.com\/~joaovieira\/site\/wp-json\/wp\/v2\/posts\/222\/revisions"}],"predecessor-version":[{"id":460,"href":"https:\/\/v2.joaomiguelvieira.com\/~joaovieira\/site\/wp-json\/wp\/v2\/posts\/222\/revisions\/460"}],"wp:attachment":[{"href":"https:\/\/v2.joaomiguelvieira.com\/~joaovieira\/site\/wp-json\/wp\/v2\/media?parent=222"}],"wp:term":[{"taxonomy":"category","embeddable":true,"href":"https:\/\/v2.joaomiguelvieira.com\/~joaovieira\/site\/wp-json\/wp\/v2\/categories?post=222"},{"taxonomy":"post_tag","embeddable":true,"href":"https:\/\/v2.joaomiguelvieira.com\/~joaovieira\/site\/wp-json\/wp\/v2\/tags?post=222"}],"curies":[{"name":"wp","href":"https:\/\/api.w.org\/{rel}","templated":true}]}}